{"id":11572,"date":"2025-08-07T10:26:30","date_gmt":"2025-08-07T07:26:30","guid":{"rendered":"https:\/\/visitoulu.fi\/?p=11572"},"modified":"2025-08-07T14:49:01","modified_gmt":"2025-08-07T11:49:01","slug":"oulu-festival-2025","status":"publish","type":"post","link":"http:\/\/visitoulufi-2025-10-14_10_27_17.test.cchosting.fi\/en\/oulu-festival-2025\/","title":{"rendered":"Oulu Festival 2025"},"content":{"rendered":"<p>In August, Oulu comes alive in a way that attracts locals and visitors from far and wide. The Oulu Festival is a multifaceted urban festival that brings together different cultural disciplines: music, spoken word, contemporary circus, video art and community experiences. The 2025 Festival will take place from 31 July to 29 August, with a programme that ranges from city centre parks to small villages and unexpected venues such as boatyards and dry docks.<\/p>\n\n\n\n<p><\/p>","protected":false},"excerpt":{"rendered":"<p>Elokuussa Oulu her\u00e4\u00e4 eloon tavalla, joka houkuttelee niin paikallisia kuin kauempaakin saapuvia vieraita. Oulun juhlaviikot ovat monipuolinen kaupunkifestivaali, joka kokoaa yhteen kulttuurin eri osa-alueet: musiikin, sanataiteen, nykysirkuksen, videotaiteen ja yhteis\u00f6lliset el\u00e4mykset. Vuoden 2025 juhlaviikkoja vietet\u00e4\u00e4n 31.7.\u201329.8., ja ohjelma ulottuu keskustan puistoista pieniin kyliin ja yll\u00e4tt\u00e4viin esityspaikkoihin, kuten venevajoihin ja kuivaamoihin. [&#8230;]<\/p>\n<p><a class=\"btn btn-secondary understrap-read-more-link\" href=\"http:\/\/visitoulufi-2025-10-14_10_27_17.test.cchosting.fi\/en\/oulu-festival-2025\/\">Read More&#8230;<span class=\"screen-reader-text\"> from Oulun juhlaviikot 2025<\/span><\/a><\/p>","protected":false},"author":34,"featured_media":11577,"comment_status":"closed","ping_status":"open","sticky":false,"template":"","format":"standard","meta":{"_acf_changed":false,"content-type":"","footnotes":""},"categories":[110,113,111],"tags":[],"coauthors":[199],"class_list":["post-11572","post","type-post","status-publish","format-standard","has-post-thumbnail","hentry","category-aktiviteetit","category-kulttuuri","category-naekoe"],"acf":[],"yoast_head":"<!-- This site is optimized with the Yoast SEO plugin v26.0 - https:\/\/yoast.com\/wordpress\/plugins\/seo\/ -->\n<title>Oulun juhlaviikot 2025 - Visit Oulu<\/title>\n<meta name=\"description\" content=\"Elokuussa Oulu her\u00e4\u00e4 eloon tavalla, joka houkuttelee niin paikallisia kuin kauempaakin saapuvia vieraita.\" \/>\n<meta name=\"robots\" content=\"index, follow, max-snippet:-1, max-image-preview:large, max-video-preview:-1\" \/>\n<link rel=\"canonical\" href=\"https:\/\/visitoulufi-2025-10-14_10_27_17.test.cchosting.fi\/en\/oulu-festival-2025\/\" \/>\n<meta property=\"og:locale\" content=\"en_US\" \/>\n<meta property=\"og:type\" content=\"article\" \/>\n<meta property=\"og:title\" content=\"Oulun juhlaviikot 2025 - Visit Oulu\" \/>\n<meta property=\"og:description\" content=\"Elokuussa Oulu her\u00e4\u00e4 eloon tavalla, joka houkuttelee niin paikallisia kuin kauempaakin saapuvia vieraita.\" \/>\n<meta property=\"og:url\" content=\"https:\/\/visitoulufi-2025-10-14_10_27_17.test.cchosting.fi\/en\/oulu-festival-2025\/\" \/>\n<meta property=\"og:site_name\" content=\"Visit Oulu\" \/>\n<meta property=\"article:published_time\" content=\"2025-08-07T07:26:30+00:00\" \/>\n<meta property=\"article:modified_time\" content=\"2025-08-07T11:49:01+00:00\" \/>\n<meta property=\"og:image\" content=\"https:\/\/visitoulufi-2025-10-14_10_27_17.test.cchosting.fi\/wp-content\/uploads\/2025\/07\/VISIT_OULU_SUMMER_HIRES_FINAL-13-of-44-scaled.jpg\" \/>\n\t<meta property=\"og:image:width\" content=\"2560\" \/>\n\t<meta property=\"og:image:height\" content=\"1707\" \/>\n\t<meta property=\"og:image:type\" content=\"image\/jpeg\" \/>\n<meta name=\"author\" content=\"Jenni Annala\" \/>\n<meta name=\"twitter:card\" content=\"summary_large_image\" \/>\n<meta name=\"twitter:label1\" content=\"Written by\" \/>\n\t<meta name=\"twitter:data1\" content=\"Jenni Annala\" \/>\n\t<meta name=\"twitter:label2\" content=\"Est. reading time\" \/>\n\t<meta name=\"twitter:data2\" content=\"4 minutes\" \/>\n<script type=\"application\/ld+json\" class=\"yoast-schema-graph\">{\"@context\":\"https:\/\/schema.org\",\"@graph\":[{\"@type\":\"WebPage\",\"@id\":\"https:\/\/visitoulufi-2025-10-14_10_27_17.test.cchosting.fi\/oulun-juhlaviikot-2025\/\",\"url\":\"https:\/\/visitoulufi-2025-10-14_10_27_17.test.cchosting.fi\/oulun-juhlaviikot-2025\/\",\"name\":\"Oulun juhlaviikot 2025 - Visit Oulu\",\"isPartOf\":{\"@id\":\"https:\/\/visitoulufi-2025-10-14_10_27_17.test.cchosting.fi\/#website\"},\"primaryImageOfPage\":{\"@id\":\"https:\/\/visitoulufi-2025-10-14_10_27_17.test.cchosting.fi\/oulun-juhlaviikot-2025\/#primaryimage\"},\"image\":{\"@id\":\"https:\/\/visitoulufi-2025-10-14_10_27_17.test.cchosting.fi\/oulun-juhlaviikot-2025\/#primaryimage\"},\"thumbnailUrl\":\"https:\/\/visitoulufi-2025-10-14_10_27_17.test.cchosting.fi\/wp-content\/uploads\/2025\/07\/VISIT_OULU_SUMMER_HIRES_FINAL-13-of-44-scaled.jpg\",\"datePublished\":\"2025-08-07T07:26:30+00:00\",\"dateModified\":\"2025-08-07T11:49:01+00:00\",\"author\":{\"@id\":\"https:\/\/visitoulufi-2025-10-14_10_27_17.test.cchosting.fi\/#\/schema\/person\/5ff4418531e33aa7eae74913d581e6b4\"},\"description\":\"Elokuussa Oulu her\u00e4\u00e4 eloon tavalla, joka houkuttelee niin paikallisia kuin kauempaakin saapuvia vieraita.\",\"breadcrumb\":{\"@id\":\"https:\/\/visitoulufi-2025-10-14_10_27_17.test.cchosting.fi\/oulun-juhlaviikot-2025\/#breadcrumb\"},\"inLanguage\":\"en-US\",\"potentialAction\":[{\"@type\":\"ReadAction\",\"target\":[\"https:\/\/visitoulufi-2025-10-14_10_27_17.test.cchosting.fi\/oulun-juhlaviikot-2025\/\"]}]},{\"@type\":\"ImageObject\",\"inLanguage\":\"en-US\",\"@id\":\"https:\/\/visitoulufi-2025-10-14_10_27_17.test.cchosting.fi\/oulun-juhlaviikot-2025\/#primaryimage\",\"url\":\"https:\/\/visitoulufi-2025-10-14_10_27_17.test.cchosting.fi\/wp-content\/uploads\/2025\/07\/VISIT_OULU_SUMMER_HIRES_FINAL-13-of-44-scaled.jpg\",\"contentUrl\":\"https:\/\/visitoulufi-2025-10-14_10_27_17.test.cchosting.fi\/wp-content\/uploads\/2025\/07\/VISIT_OULU_SUMMER_HIRES_FINAL-13-of-44-scaled.jpg\",\"width\":2560,\"height\":1707,\"caption\":\"Air quitar\"},{\"@type\":\"BreadcrumbList\",\"@id\":\"https:\/\/visitoulufi-2025-10-14_10_27_17.test.cchosting.fi\/oulun-juhlaviikot-2025\/#breadcrumb\",\"itemListElement\":[{\"@type\":\"ListItem\",\"position\":1,\"name\":\"Etusivu\",\"item\":\"https:\/\/visitoulufi-2025-10-14_10_27_17.test.cchosting.fi\/\"},{\"@type\":\"ListItem\",\"position\":2,\"name\":\"Oulun juhlaviikot 2025\"}]},{\"@type\":\"WebSite\",\"@id\":\"https:\/\/visitoulufi-2025-10-14_10_27_17.test.cchosting.fi\/#website\",\"url\":\"https:\/\/visitoulufi-2025-10-14_10_27_17.test.cchosting.fi\/\",\"name\":\"Visit Oulu\",\"description\":\"\",\"potentialAction\":[{\"@type\":\"SearchAction\",\"target\":{\"@type\":\"EntryPoint\",\"urlTemplate\":\"https:\/\/visitoulufi-2025-10-14_10_27_17.test.cchosting.fi\/?s={search_term_string}\"},\"query-input\":{\"@type\":\"PropertyValueSpecification\",\"valueRequired\":true,\"valueName\":\"search_term_string\"}}],\"inLanguage\":\"en-US\"},{\"@type\":\"Person\",\"@id\":\"https:\/\/visitoulufi-2025-10-14_10_27_17.test.cchosting.fi\/#\/schema\/person\/5ff4418531e33aa7eae74913d581e6b4\",\"name\":\"Jenni Annala\",\"image\":{\"@type\":\"ImageObject\",\"inLanguage\":\"en-US\",\"@id\":\"https:\/\/visitoulufi-2025-10-14_10_27_17.test.cchosting.fi\/#\/schema\/person\/image\/496b2ed27d830ec9f61ed18a1f0a8692\",\"url\":\"https:\/\/secure.gravatar.com\/avatar\/84f353d9ed75fe47a7594465f182fea28ead368d9b2cac742dd0b760b81d747c?s=96&d=mm&r=g\",\"contentUrl\":\"https:\/\/secure.gravatar.com\/avatar\/84f353d9ed75fe47a7594465f182fea28ead368d9b2cac742dd0b760b81d747c?s=96&d=mm&r=g\",\"caption\":\"Jenni Annala\"},\"url\":\"http:\/\/visitoulufi-2025-10-14_10_27_17.test.cchosting.fi\/en\/author\/jennivisitoulu-fi\/\"}]}<\/script>\n<!-- \/ Yoast SEO plugin. -->","yoast_head_json":{"title":"Oulu Festival 2025 - Visit Oulu","description":"In August, Oulu comes alive in a way that attracts locals and visitors from far and wide.","robots":{"index":"index","follow":"follow","max-snippet":"max-snippet:-1","max-image-preview":"max-image-preview:large","max-video-preview":"max-video-preview:-1"},"canonical":"https:\/\/visitoulufi-2025-10-14_10_27_17.test.cchosting.fi\/en\/oulu-festival-2025\/","og_locale":"en_US","og_type":"article","og_title":"Oulun juhlaviikot 2025 - Visit Oulu","og_description":"Elokuussa Oulu her\u00e4\u00e4 eloon tavalla, joka houkuttelee niin paikallisia kuin kauempaakin saapuvia vieraita.","og_url":"https:\/\/visitoulufi-2025-10-14_10_27_17.test.cchosting.fi\/en\/oulu-festival-2025\/","og_site_name":"Visit Oulu","article_published_time":"2025-08-07T07:26:30+00:00","article_modified_time":"2025-08-07T11:49:01+00:00","og_image":[{"width":2560,"height":1707,"url":"https:\/\/visitoulufi-2025-10-14_10_27_17.test.cchosting.fi\/wp-content\/uploads\/2025\/07\/VISIT_OULU_SUMMER_HIRES_FINAL-13-of-44-scaled.jpg","type":"image\/jpeg"}],"author":"Jenni Annala","twitter_card":"summary_large_image","twitter_misc":{"Written by":"Jenni Annala","Est. reading time":"4 minutes"},"schema":{"@context":"https:\/\/schema.org","@graph":[{"@type":"WebPage","@id":"https:\/\/visitoulufi-2025-10-14_10_27_17.test.cchosting.fi\/oulun-juhlaviikot-2025\/","url":"https:\/\/visitoulufi-2025-10-14_10_27_17.test.cchosting.fi\/oulun-juhlaviikot-2025\/","name":"Oulu Festival 2025 - Visit Oulu","isPartOf":{"@id":"https:\/\/visitoulufi-2025-10-14_10_27_17.test.cchosting.fi\/#website"},"primaryImageOfPage":{"@id":"https:\/\/visitoulufi-2025-10-14_10_27_17.test.cchosting.fi\/oulun-juhlaviikot-2025\/#primaryimage"},"image":{"@id":"https:\/\/visitoulufi-2025-10-14_10_27_17.test.cchosting.fi\/oulun-juhlaviikot-2025\/#primaryimage"},"thumbnailUrl":"https:\/\/visitoulufi-2025-10-14_10_27_17.test.cchosting.fi\/wp-content\/uploads\/2025\/07\/VISIT_OULU_SUMMER_HIRES_FINAL-13-of-44-scaled.jpg","datePublished":"2025-08-07T07:26:30+00:00","dateModified":"2025-08-07T11:49:01+00:00","author":{"@id":"https:\/\/visitoulufi-2025-10-14_10_27_17.test.cchosting.fi\/#\/schema\/person\/5ff4418531e33aa7eae74913d581e6b4"},"description":"In August, Oulu comes alive in a way that attracts locals and visitors from far and wide.","breadcrumb":{"@id":"https:\/\/visitoulufi-2025-10-14_10_27_17.test.cchosting.fi\/oulun-juhlaviikot-2025\/#breadcrumb"},"inLanguage":"en-US","potentialAction":[{"@type":"ReadAction","target":["https:\/\/visitoulufi-2025-10-14_10_27_17.test.cchosting.fi\/oulun-juhlaviikot-2025\/"]}]},{"@type":"ImageObject","inLanguage":"en-US","@id":"https:\/\/visitoulufi-2025-10-14_10_27_17.test.cchosting.fi\/oulun-juhlaviikot-2025\/#primaryimage","url":"https:\/\/visitoulufi-2025-10-14_10_27_17.test.cchosting.fi\/wp-content\/uploads\/2025\/07\/VISIT_OULU_SUMMER_HIRES_FINAL-13-of-44-scaled.jpg","contentUrl":"https:\/\/visitoulufi-2025-10-14_10_27_17.test.cchosting.fi\/wp-content\/uploads\/2025\/07\/VISIT_OULU_SUMMER_HIRES_FINAL-13-of-44-scaled.jpg","width":2560,"height":1707,"caption":"Air quitar"},{"@type":"BreadcrumbList","@id":"https:\/\/visitoulufi-2025-10-14_10_27_17.test.cchosting.fi\/oulun-juhlaviikot-2025\/#breadcrumb","itemListElement":[{"@type":"ListItem","position":1,"name":"Etusivu","item":"https:\/\/visitoulufi-2025-10-14_10_27_17.test.cchosting.fi\/"},{"@type":"ListItem","position":2,"name":"Oulun juhlaviikot 2025"}]},{"@type":"WebSite","@id":"https:\/\/visitoulufi-2025-10-14_10_27_17.test.cchosting.fi\/#website","url":"https:\/\/visitoulufi-2025-10-14_10_27_17.test.cchosting.fi\/","name":"Visit Oulu","description":"","potentialAction":[{"@type":"SearchAction","target":{"@type":"EntryPoint","urlTemplate":"https:\/\/visitoulufi-2025-10-14_10_27_17.test.cchosting.fi\/?s={search_term_string}"},"query-input":{"@type":"PropertyValueSpecification","valueRequired":true,"valueName":"search_term_string"}}],"inLanguage":"en-US"},{"@type":"Person","@id":"https:\/\/visitoulufi-2025-10-14_10_27_17.test.cchosting.fi\/#\/schema\/person\/5ff4418531e33aa7eae74913d581e6b4","name":"Jenni Annala","image":{"@type":"ImageObject","inLanguage":"en-US","@id":"https:\/\/visitoulufi-2025-10-14_10_27_17.test.cchosting.fi\/#\/schema\/person\/image\/496b2ed27d830ec9f61ed18a1f0a8692","url":"https:\/\/secure.gravatar.com\/avatar\/84f353d9ed75fe47a7594465f182fea28ead368d9b2cac742dd0b760b81d747c?s=96&d=mm&r=g","contentUrl":"https:\/\/secure.gravatar.com\/avatar\/84f353d9ed75fe47a7594465f182fea28ead368d9b2cac742dd0b760b81d747c?s=96&d=mm&r=g","caption":"Jenni Annala"},"url":"http:\/\/visitoulufi-2025-10-14_10_27_17.test.cchosting.fi\/en\/author\/jennivisitoulu-fi\/"}]}},"_links":{"self":[{"href":"http:\/\/visitoulufi-2025-10-14_10_27_17.test.cchosting.fi\/en\/wp-json\/wp\/v2\/posts\/11572","targetHints":{"allow":["GET"]}}],"collection":[{"href":"http:\/\/visitoulufi-2025-10-14_10_27_17.test.cchosting.fi\/en\/wp-json\/wp\/v2\/posts"}],"about":[{"href":"http:\/\/visitoulufi-2025-10-14_10_27_17.test.cchosting.fi\/en\/wp-json\/wp\/v2\/types\/post"}],"author":[{"embeddable":true,"href":"http:\/\/visitoulufi-2025-10-14_10_27_17.test.cchosting.fi\/en\/wp-json\/wp\/v2\/users\/34"}],"replies":[{"embeddable":true,"href":"http:\/\/visitoulufi-2025-10-14_10_27_17.test.cchosting.fi\/en\/wp-json\/wp\/v2\/comments?post=11572"}],"version-history":[{"count":18,"href":"http:\/\/visitoulufi-2025-10-14_10_27_17.test.cchosting.fi\/en\/wp-json\/wp\/v2\/posts\/11572\/revisions"}],"predecessor-version":[{"id":11616,"href":"http:\/\/visitoulufi-2025-10-14_10_27_17.test.cchosting.fi\/en\/wp-json\/wp\/v2\/posts\/11572\/revisions\/11616"}],"wp:featuredmedia":[{"embeddable":true,"href":"http:\/\/visitoulufi-2025-10-14_10_27_17.test.cchosting.fi\/en\/wp-json\/wp\/v2\/media\/11577"}],"wp:attachment":[{"href":"http:\/\/visitoulufi-2025-10-14_10_27_17.test.cchosting.fi\/en\/wp-json\/wp\/v2\/media?parent=11572"}],"wp:term":[{"taxonomy":"category","embeddable":true,"href":"http:\/\/visitoulufi-2025-10-14_10_27_17.test.cchosting.fi\/en\/wp-json\/wp\/v2\/categories?post=11572"},{"taxonomy":"post_tag","embeddable":true,"href":"http:\/\/visitoulufi-2025-10-14_10_27_17.test.cchosting.fi\/en\/wp-json\/wp\/v2\/tags?post=11572"},{"taxonomy":"author","embeddable":true,"href":"http:\/\/visitoulufi-2025-10-14_10_27_17.test.cchosting.fi\/en\/wp-json\/wp\/v2\/coauthors?post=11572"}],"curies":[{"name":"wp","href":"https:\/\/api.w.org\/{rel}","templated":true}]}}